{"id":952,"date":"2010-09-17T19:54:39","date_gmt":"2010-09-17T18:54:39","guid":{"rendered":"http:\/\/www.iode-du-lac.org\/blog\/?p=952"},"modified":"2011-03-26T19:24:48","modified_gmt":"2011-03-26T18:24:48","slug":"5eme-foire-bio-du-grand-toulouse-le-17-octobre-2010","status":"publish","type":"post","link":"https:\/\/www.iode-du-lac.org\/blog\/2010\/09\/5eme-foire-bio-du-grand-toulouse-le-17-octobre-2010\/","title":{"rendered":"5\u00e8me Foire Bio du Grand Toulouse &#8211; 17 octobre 2010"},"content":{"rendered":"<p style=\"text-align: center;\"><a href=\"https:\/\/www.iode-du-lac.org\/blog\/wp-content\/uploads\/2010\/10\/affiche-foire.png\"><img loading=\"lazy\" decoding=\"async\" class=\"aligncenter size-medium wp-image-964\" title=\"affiche foire\" src=\"https:\/\/www.iode-du-lac.org\/blog\/wp-content\/uploads\/2010\/10\/affiche-foire-204x300.png\" alt=\"\" width=\"204\" height=\"300\" srcset=\"https:\/\/www.iode-du-lac.org\/blog\/wp-content\/uploads\/2010\/10\/affiche-foire-204x300.png 204w, https:\/\/www.iode-du-lac.org\/blog\/wp-content\/uploads\/2010\/10\/affiche-foire.png 241w\" sizes=\"auto, (max-width: 204px) 100vw, 204px\" \/><\/a><\/p>\n<p>L\u2019association des Agriculteurs Bio de Haute-Garonne, ERABLES 31 est heureuse de vous annoncer\u00a0:<br \/>\nLa 5\u00e8me \u00e9dition de la Foire Bio du Grand Toulouse<br \/>\n<strong>Dimanche\u00a017\u00a0octobre\u00a02010<\/strong><br \/>\n\u00c0 Tournefeuille &#8211; La Ram\u00e9e<\/p>\n<p>March\u00e9 bio local, artisanat, habitat \u00e9cologique, restauration, expositions, films, ateliers, animations, conf\u00e9rences-d\u00e9bats sur le th\u00e8me \u00ab\u00a0Produire et consommer autrement\u00a0: quelle Agriculture Biologique dans quelle soci\u00e9t\u00e9 ?\u00a0\u00bb<\/p>\n<p>Voici le <a href=\"https:\/\/www.iode-du-lac.org\/blog\/wp-content\/uploads\/2010\/10\/programme-foire.pdf\">programme de la foire<\/a> (fichier .pdf)<\/p>\n<p>Venez partager une journ\u00e9e \u00e9cologique, locale et solidaire !<\/p>\n<p><strong>Vous souhaitez participer en tant que b\u00e9n\u00e9voles ? Nous avons besoin de votre soutien ! <\/strong><br \/>\nContactez-nous ! <a href=\"mailto:foirebio31@gmail.com\" target=\"_blank\">foirebio31@gmail.com<br \/>\n<\/a><br \/>\nPlus de renseignements : <a href=\"http:\/\/www.erables31.org\" target=\"_blank\">http:\/\/www.erables31.org<\/a><\/p>\n","protected":false},"excerpt":{"rendered":"<p>L\u2019association des Agriculteurs Bio de Haute-Garonne, ERABLES 31 est heureuse de vous annoncer\u00a0: La 5\u00e8me \u00e9dition de la Foire Bio du Grand Toulouse Dimanche\u00a017\u00a0octobre\u00a02010 \u00c0 Tournefeuille &#8211; La Ram\u00e9e March\u00e9 bio local, artisanat, habitat \u00e9cologique, restauration, expositions, films, ateliers, animations, conf\u00e9rences-d\u00e9bats sur le th\u00e8me \u00ab\u00a0Produire et consommer autrement\u00a0: quelle Agriculture Biologique dans quelle soci\u00e9t\u00e9 ?\u00a0\u00bb<\/p>\n<p class=\"readmore\"> <a href=\"https:\/\/www.iode-du-lac.org\/blog\/2010\/09\/5eme-foire-bio-du-grand-toulouse-le-17-octobre-2010\/\" title=\"Read 5\u00e8me Foire Bio du Grand Toulouse &#8211; 17 octobre 2010\">  CONTINUE READING &#8230;<\/a> <\/p>\n","protected":false},"author":3,"featured_media":0,"comment_status":"open","ping_status":"open","sticky":false,"template":"","format":"standard","meta":{"footnotes":""},"categories":[107,91,95,9,86,1],"tags":[],"class_list":["post-952","post","type-post","status-publish","format-standard","hentry","category-agenda","category-divers","category-divers-transports","category-alimentation","category-jardin","category-sujet-divers"],"_links":{"self":[{"href":"https:\/\/www.iode-du-lac.org\/blog\/wp-json\/wp\/v2\/posts\/952","targetHints":{"allow":["GET"]}}],"collection":[{"href":"https:\/\/www.iode-du-lac.org\/blog\/wp-json\/wp\/v2\/posts"}],"about":[{"href":"https:\/\/www.iode-du-lac.org\/blog\/wp-json\/wp\/v2\/types\/post"}],"author":[{"embeddable":true,"href":"https:\/\/www.iode-du-lac.org\/blog\/wp-json\/wp\/v2\/users\/3"}],"replies":[{"embeddable":true,"href":"https:\/\/www.iode-du-lac.org\/blog\/wp-json\/wp\/v2\/comments?post=952"}],"version-history":[{"count":5,"href":"https:\/\/www.iode-du-lac.org\/blog\/wp-json\/wp\/v2\/posts\/952\/revisions"}],"predecessor-version":[{"id":966,"href":"https:\/\/www.iode-du-lac.org\/blog\/wp-json\/wp\/v2\/posts\/952\/revisions\/966"}],"wp:attachment":[{"href":"https:\/\/www.iode-du-lac.org\/blog\/wp-json\/wp\/v2\/media?parent=952"}],"wp:term":[{"taxonomy":"category","embeddable":true,"href":"https:\/\/www.iode-du-lac.org\/blog\/wp-json\/wp\/v2\/categories?post=952"},{"taxonomy":"post_tag","embeddable":true,"href":"https:\/\/www.iode-du-lac.org\/blog\/wp-json\/wp\/v2\/tags?post=952"}],"curies":[{"name":"wp","href":"https:\/\/api.w.org\/{rel}","templated":true}]}}