{"id":7429,"date":"2026-04-28T22:01:35","date_gmt":"2026-04-28T20:01:35","guid":{"rendered":"https:\/\/www.iode-du-lac.org\/blog\/?p=7429"},"modified":"2026-04-28T22:21:42","modified_gmt":"2026-04-28T20:21:42","slug":"semaine-allons-y-a-velo-ayav","status":"publish","type":"post","link":"https:\/\/www.iode-du-lac.org\/blog\/2026\/04\/semaine-allons-y-a-velo-ayav\/","title":{"rendered":"Semaine Allons-y \u00e0 V\u00e9lo (AYAV)"},"content":{"rendered":"\t\t<div data-elementor-type=\"wp-post\" data-elementor-id=\"7429\" class=\"elementor elementor-7429\">\n\t\t\t\t<div class=\"elementor-element elementor-element-bd110bb e-flex e-con-boxed jltma-glass-effect-no wpr-particle-no wpr-jarallax-no wpr-parallax-no wpr-sticky-section-no wpr-equal-height-no e-con e-parent\" data-id=\"bd110bb\" data-element_type=\"container\" data-e-type=\"container\">\n\t\t\t\t\t<div class=\"e-con-inner\">\n\t\t\t\t<div class=\"elementor-element elementor-element-18a548e jltma-glass-effect-no elementor-widget elementor-widget-text-editor\" data-id=\"18a548e\" data-element_type=\"widget\" data-e-type=\"widget\" data-widget_type=\"text-editor.default\">\n\t\t\t\t\t\t\t\t\t<p style=\"text-align: left;\">La commission d\u00e9veloppement durable du CSE Airbus Operations et l&rsquo;association IODE organisent conjointement cette ann\u00e9e encore la semaine <a href=\"https:\/\/www.ayav.fr\/\">Allons-y \u00e0 v\u00e9lo<\/a> du 18 au 22 mai.\u00a0<\/p><p style=\"text-align: center;\"><span style=\"color: #008000;\">Arrivera t on \u00e0 faire mieux que les 7,4% de part modale v\u00e9lo de 2025 ?<\/span><\/p><p>Au programme :\u00a0<\/p><p>Toute la semaine<\/p><ul><li>Les <strong>traditionnels comptages<\/strong> sur les parkings v\u00e9lo pour conna\u00eetre le nombre de cyclistes et la part modale associ\u00e9e.\u00a0<\/li><li>Un <strong>challenge v\u00e9lo par \u00e9quipe<\/strong> sur la semaine.<\/li><li>Des <strong>animations dans les cantines<\/strong> sur la th\u00e9matique domicile-travail.\u00a0<\/li><\/ul><p>Mardi 19 mai : Une <strong>projection<\/strong> du documentaire <a href=\"https:\/\/whywecycle.eu\/\">Why we cycle <\/a>sur la pratique du v\u00e9lo aux Pays Bas.\u00a0<\/p><p>Jeudi 21 mai : Un <strong>forum<\/strong> d\u00e9di\u00e9 aux vacances \u00e0 v\u00e9lo : id\u00e9es itin\u00e9raires, conseils mat\u00e9riel, \u00e9changes avec d&rsquo;autres voyageurs \u00e0 v\u00e9lo&#8230;<\/p>\t\t\t\t\t\t\t\t<\/div>\n\t\t\t\t\t<\/div>\n\t\t\t\t<\/div>\n\t\t<div class=\"elementor-element elementor-element-13d3d62 e-flex e-con-boxed jltma-glass-effect-no wpr-particle-no wpr-jarallax-no wpr-parallax-no wpr-sticky-section-no wpr-equal-height-no e-con e-parent\" data-id=\"13d3d62\" data-element_type=\"container\" data-e-type=\"container\">\n\t\t\t\t\t<div class=\"e-con-inner\">\n\t\t<div class=\"elementor-element elementor-element-deb4321 e-con-full e-flex jltma-glass-effect-no wpr-particle-no wpr-jarallax-no wpr-parallax-no wpr-sticky-section-no wpr-equal-height-no e-con e-child\" data-id=\"deb4321\" data-element_type=\"container\" data-e-type=\"container\">\n\t\t\t\t<div class=\"elementor-element elementor-element-962747f jltma-glass-effect-no elementor-widget elementor-widget-image\" data-id=\"962747f\" data-element_type=\"widget\" data-e-type=\"widget\" data-widget_type=\"image.default\">\n\t\t\t\t\t\t\t\t\t\t\t\t\t\t\t<img decoding=\"async\" width=\"179\" height=\"139\" src=\"https:\/\/www.iode-du-lac.org\/blog\/wp-content\/uploads\/2026\/04\/ayav3.png\" class=\"attachment-large size-large wp-image-7537\" alt=\"\" \/>\t\t\t\t\t\t\t\t\t\t\t\t\t\t\t<\/div>\n\t\t\t\t<\/div>\n\t\t\t\t\t<\/div>\n\t\t\t\t<\/div>\n\t\t\t\t<\/div>\n\t\t","protected":false},"excerpt":{"rendered":"<p>La commission d\u00e9veloppement durable du CSE Airbus Operations et l&rsquo;association IODE organisent conjointement cette ann\u00e9e encore la semaine Allons-y \u00e0 v\u00e9lo du 18 au 22 mai. Arrivera t on \u00e0 faire mieux que les 7,4% de part modale v\u00e9lo de 2025 ? Au programme : Toute la semaine Les traditionnels comptages sur les parkings v\u00e9lo pour conna\u00eetre le nombre de cyclistes et la part modale associ\u00e9e. Un challenge v\u00e9lo par \u00e9quipe sur la semaine. Des animations dans les cantines sur la th\u00e9matique domicile-travail. Mardi 19 mai : Une projection du documentaire Why we cycle sur la pratique du v\u00e9lo aux Pays Bas. Jeudi 21 mai : Un forum d\u00e9di\u00e9 aux vacances \u00e0 v\u00e9lo : id\u00e9es itin\u00e9raires, conseils mat\u00e9riel, \u00e9changes avec d&rsquo;autres voyageurs \u00e0 v\u00e9lo&#8230;<\/p>\n","protected":false},"author":41,"featured_media":7549,"comment_status":"closed","ping_status":"closed","sticky":false,"template":"","format":"standard","meta":{"site-sidebar-layout":"default","site-content-layout":"","ast-site-content-layout":"default","site-content-style":"default","site-sidebar-style":"default","ast-global-header-display":"","ast-banner-title-visibility":"","ast-main-header-display":"","ast-hfb-above-header-display":"","ast-hfb-below-header-display":"","ast-hfb-mobile-header-display":"","site-post-title":"","ast-breadcrumbs-content":"","ast-featured-img":"","footer-sml-layout":"","ast-disable-related-posts":"","theme-transparent-header-meta":"default","adv-header-id-meta":"","stick-header-meta":"","header-above-stick-meta":"","header-main-stick-meta":"","header-below-stick-meta":"","astra-migrate-meta-layouts":"set","ast-page-background-enabled":"default","ast-page-background-meta":{"desktop":{"background-color":"var(--ast-global-color-5)","background-image":"","background-repeat":"repeat","background-position":"center center","background-size":"auto","background-attachment":"scroll","background-type":"","background-media":"","overlay-type":"","overlay-color":"","overlay-opacity":"","overlay-gradient":""},"tablet":{"background-color":"","background-image":"","background-repeat":"repeat","background-position":"center center","background-size":"auto","background-attachment":"scroll","background-type":"","background-media":"","overlay-type":"","overlay-color":"","overlay-opacity":"","overlay-gradient":""},"mobile":{"background-color":"","background-image":"","background-repeat":"repeat","background-position":"center center","background-size":"auto","background-attachment":"scroll","background-type":"","background-media":"","overlay-type":"","overlay-color":"","overlay-opacity":"","overlay-gradient":""}},"ast-content-background-meta":{"desktop":{"background-color":"var(--ast-global-color-4)","background-image":"","background-repeat":"repeat","background-position":"center center","background-size":"auto","background-attachment":"scroll","background-type":"","background-media":"","overlay-type":"","overlay-color":"","overlay-opacity":"","overlay-gradient":""},"tablet":{"background-color":"var(--ast-global-color-4)","background-image":"","background-repeat":"repeat","background-position":"center center","background-size":"auto","background-attachment":"scroll","background-type":"","background-media":"","overlay-type":"","overlay-color":"","overlay-opacity":"","overlay-gradient":""},"mobile":{"background-color":"var(--ast-global-color-4)","background-image":"","background-repeat":"repeat","background-position":"center center","background-size":"auto","background-attachment":"scroll","background-type":"","background-media":"","overlay-type":"","overlay-color":"","overlay-opacity":"","overlay-gradient":""}},"footnotes":""},"categories":[36],"tags":[],"class_list":["post-7429","post","type-post","status-publish","format-standard","has-post-thumbnail","hentry","category-velo-taffeurs"],"_links":{"self":[{"href":"https:\/\/www.iode-du-lac.org\/blog\/wp-json\/wp\/v2\/posts\/7429","targetHints":{"allow":["GET"]}}],"collection":[{"href":"https:\/\/www.iode-du-lac.org\/blog\/wp-json\/wp\/v2\/posts"}],"about":[{"href":"https:\/\/www.iode-du-lac.org\/blog\/wp-json\/wp\/v2\/types\/post"}],"author":[{"embeddable":true,"href":"https:\/\/www.iode-du-lac.org\/blog\/wp-json\/wp\/v2\/users\/41"}],"replies":[{"embeddable":true,"href":"https:\/\/www.iode-du-lac.org\/blog\/wp-json\/wp\/v2\/comments?post=7429"}],"version-history":[{"count":5,"href":"https:\/\/www.iode-du-lac.org\/blog\/wp-json\/wp\/v2\/posts\/7429\/revisions"}],"predecessor-version":[{"id":7548,"href":"https:\/\/www.iode-du-lac.org\/blog\/wp-json\/wp\/v2\/posts\/7429\/revisions\/7548"}],"wp:featuredmedia":[{"embeddable":true,"href":"https:\/\/www.iode-du-lac.org\/blog\/wp-json\/wp\/v2\/media\/7549"}],"wp:attachment":[{"href":"https:\/\/www.iode-du-lac.org\/blog\/wp-json\/wp\/v2\/media?parent=7429"}],"wp:term":[{"taxonomy":"category","embeddable":true,"href":"https:\/\/www.iode-du-lac.org\/blog\/wp-json\/wp\/v2\/categories?post=7429"},{"taxonomy":"post_tag","embeddable":true,"href":"https:\/\/www.iode-du-lac.org\/blog\/wp-json\/wp\/v2\/tags?post=7429"}],"curies":[{"name":"wp","href":"https:\/\/api.w.org\/{rel}","templated":true}]}}