{"id":7382,"date":"2026-04-28T21:12:04","date_gmt":"2026-04-28T19:12:04","guid":{"rendered":"https:\/\/www.iode-du-lac.org\/blog\/?p=7382"},"modified":"2026-04-29T10:24:22","modified_gmt":"2026-04-29T08:24:22","slug":"assemblee-generale-2026","status":"publish","type":"post","link":"https:\/\/www.iode-du-lac.org\/blog\/2026\/04\/assemblee-generale-2026\/","title":{"rendered":"Assembl\u00e9e G\u00e9n\u00e9rale 2026"},"content":{"rendered":"\t\t<div data-elementor-type=\"wp-post\" data-elementor-id=\"7382\" class=\"elementor elementor-7382\">\n\t\t\t\t<div class=\"elementor-element elementor-element-908195b e-flex e-con-boxed jltma-glass-effect-no wpr-particle-no wpr-jarallax-no wpr-parallax-no wpr-sticky-section-no wpr-equal-height-no e-con e-parent\" data-id=\"908195b\" data-element_type=\"container\" data-e-type=\"container\">\n\t\t\t\t\t<div class=\"e-con-inner\">\n\t\t\t\t<div class=\"elementor-element elementor-element-fcc3cd2 jltma-glass-effect-no elementor-widget elementor-widget-text-editor\" data-id=\"fcc3cd2\" data-element_type=\"widget\" data-e-type=\"widget\" data-widget_type=\"text-editor.default\">\n\t\t\t\t\t\t\t\t\t<p>L\u2019Assembl\u00e9e G\u00e9n\u00e9rale de l\u2019association a eu lieu le 10 mars dernier. Cela a \u00e9t\u00e9 le moment de faire un retour sur les \u00e9v\u00e8nements 2025.<\/p>\t\t\t\t\t\t\t\t<\/div>\n\t\t\t\t\t<\/div>\n\t\t\t\t<\/div>\n\t\t<div class=\"elementor-element elementor-element-adc7bd6 e-flex e-con-boxed jltma-glass-effect-no wpr-particle-no wpr-jarallax-no wpr-parallax-no wpr-sticky-section-no wpr-equal-height-no e-con e-parent\" data-id=\"adc7bd6\" data-element_type=\"container\" data-e-type=\"container\">\n\t\t\t\t\t<div class=\"e-con-inner\">\n\t\t\t\t<div class=\"elementor-element elementor-element-566534c jltma-glass-effect-no elementor-widget elementor-widget-image\" data-id=\"566534c\" data-element_type=\"widget\" data-e-type=\"widget\" data-widget_type=\"image.default\">\n\t\t\t\t\t\t\t\t\t\t\t\t\t\t\t<img fetchpriority=\"high\" decoding=\"async\" width=\"768\" height=\"400\" src=\"https:\/\/www.iode-du-lac.org\/blog\/wp-content\/uploads\/2026\/04\/iode-2025-768x400.png\" class=\"attachment-medium_large size-medium_large wp-image-7385\" alt=\"\" srcset=\"https:\/\/www.iode-du-lac.org\/blog\/wp-content\/uploads\/2026\/04\/iode-2025-768x400.png 768w, https:\/\/www.iode-du-lac.org\/blog\/wp-content\/uploads\/2026\/04\/iode-2025-300x156.png 300w, https:\/\/www.iode-du-lac.org\/blog\/wp-content\/uploads\/2026\/04\/iode-2025.png 916w\" sizes=\"(max-width: 768px) 100vw, 768px\" \/>\t\t\t\t\t\t\t\t\t\t\t\t\t\t\t<\/div>\n\t\t\t\t\t<\/div>\n\t\t\t\t<\/div>\n\t\t<div class=\"elementor-element elementor-element-5db9c45 e-flex e-con-boxed jltma-glass-effect-no wpr-particle-no wpr-jarallax-no wpr-parallax-no wpr-sticky-section-no wpr-equal-height-no e-con e-parent\" data-id=\"5db9c45\" data-element_type=\"container\" data-e-type=\"container\">\n\t\t\t\t\t<div class=\"e-con-inner\">\n\t\t\t\t<div class=\"elementor-element elementor-element-138f9b8 jltma-glass-effect-no elementor-widget elementor-widget-text-editor\" data-id=\"138f9b8\" data-element_type=\"widget\" data-e-type=\"widget\" data-widget_type=\"text-editor.default\">\n\t\t\t\t\t\t\t\t\t<p>Vous pouvez retrouver le nouveau CA et bureau directeur sur la <a href=\"https:\/\/www.iode-du-lac.org\/blog\/lassociation\/\">page d\u00e9di\u00e9e.\u00a0<\/a><\/p><p>La pr\u00e9sentation partag\u00e9e lors de l&rsquo;AG est disponible <a href=\"https:\/\/www.iode-du-lac.org\/blog\/download\/presentation-ag-2026\/\" rel=\"noopener\">ici<\/a>.<\/p><p>Ci-dessous la liste des groupes de travail ainsi que les contacts:<\/p><p style=\"padding-left: 40px;\">\u25cf AMAP \u2192 Stephane Paris<br \/>\u25cf Transport en commun &#8211; v\u00e9lo \u2192 Maxime Cl\u00e9ment\/Bruno Lamberet<br \/>\u25cf Jardin\/permaculture \u2192 Patrice Royer<br \/>\u25cf R\u00e9duction des d\u00e9chets \u2192 C\u00e9line Delacoux<br \/>\u25cf Alimentation et \u00c9thique animal \u2192 Karine Roques Colombie Dasque et Beno\u00eet Calmels<br \/>\u25cf Habitat-Energie \u2192 Olivier Pino\/Bruno Lamberet<br \/>\u25cf Sensibilisation \u2192 Frederic Rahal<\/p><p>Si vous avez des id\u00e9es ou souhaitez nous aider \u00e0 organiser certains \u00e9v\u00e8nements en 2026 n\u2019h\u00e9sitez pas \u00e0 nous rejoindre !!!!<\/p>\t\t\t\t\t\t\t\t<\/div>\n\t\t\t\t\t<\/div>\n\t\t\t\t<\/div>\n\t\t\t\t<\/div>\n\t\t","protected":false},"excerpt":{"rendered":"<p>L\u2019Assembl\u00e9e G\u00e9n\u00e9rale de l\u2019association a eu lieu le 10 mars dernier. Cela a \u00e9t\u00e9 le moment de faire un retour sur les \u00e9v\u00e8nements 2025. Vous pouvez retrouver le nouveau CA et bureau directeur sur la page d\u00e9di\u00e9e.\u00a0 La pr\u00e9sentation partag\u00e9e lors de l&rsquo;AG est disponible ici. Ci-dessous la liste des groupes de travail ainsi que les contacts: \u25cf AMAP \u2192 Stephane Paris\u25cf Transport en commun &#8211; v\u00e9lo \u2192 Maxime Cl\u00e9ment\/Bruno Lamberet\u25cf Jardin\/permaculture \u2192 Patrice Royer\u25cf R\u00e9duction des d\u00e9chets \u2192 C\u00e9line Delacoux\u25cf Alimentation et \u00c9thique animal \u2192 Karine Roques Colombie Dasque et Beno\u00eet Calmels\u25cf Habitat-Energie \u2192 Olivier Pino\/Bruno Lamberet\u25cf Sensibilisation \u2192 Frederic Rahal Si vous avez des id\u00e9es ou souhaitez nous aider \u00e0 organiser certains \u00e9v\u00e8nements en 2026 n\u2019h\u00e9sitez pas \u00e0 nous rejoindre !!!!<\/p>\n","protected":false},"author":41,"featured_media":7391,"comment_status":"closed","ping_status":"closed","sticky":false,"template":"","format":"standard","meta":{"site-sidebar-layout":"default","site-content-layout":"","ast-site-content-layout":"default","site-content-style":"default","site-sidebar-style":"default","ast-global-header-display":"","ast-banner-title-visibility":"","ast-main-header-display":"","ast-hfb-above-header-display":"","ast-hfb-below-header-display":"","ast-hfb-mobile-header-display":"","site-post-title":"","ast-breadcrumbs-content":"","ast-featured-img":"","footer-sml-layout":"","ast-disable-related-posts":"","theme-transparent-header-meta":"default","adv-header-id-meta":"","stick-header-meta":"","header-above-stick-meta":"","header-main-stick-meta":"","header-below-stick-meta":"","astra-migrate-meta-layouts":"set","ast-page-background-enabled":"default","ast-page-background-meta":{"desktop":{"background-color":"var(--ast-global-color-5)","background-image":"","background-repeat":"repeat","background-position":"center center","background-size":"auto","background-attachment":"scroll","background-type":"","background-media":"","overlay-type":"","overlay-color":"","overlay-opacity":"","overlay-gradient":""},"tablet":{"background-color":"","background-image":"","background-repeat":"repeat","background-position":"center center","background-size":"auto","background-attachment":"scroll","background-type":"","background-media":"","overlay-type":"","overlay-color":"","overlay-opacity":"","overlay-gradient":""},"mobile":{"background-color":"","background-image":"","background-repeat":"repeat","background-position":"center center","background-size":"auto","background-attachment":"scroll","background-type":"","background-media":"","overlay-type":"","overlay-color":"","overlay-opacity":"","overlay-gradient":""}},"ast-content-background-meta":{"desktop":{"background-color":"var(--ast-global-color-4)","background-image":"","background-repeat":"repeat","background-position":"center center","background-size":"auto","background-attachment":"scroll","background-type":"","background-media":"","overlay-type":"","overlay-color":"","overlay-opacity":"","overlay-gradient":""},"tablet":{"background-color":"var(--ast-global-color-4)","background-image":"","background-repeat":"repeat","background-position":"center center","background-size":"auto","background-attachment":"scroll","background-type":"","background-media":"","overlay-type":"","overlay-color":"","overlay-opacity":"","overlay-gradient":""},"mobile":{"background-color":"var(--ast-global-color-4)","background-image":"","background-repeat":"repeat","background-position":"center center","background-size":"auto","background-attachment":"scroll","background-type":"","background-media":"","overlay-type":"","overlay-color":"","overlay-opacity":"","overlay-gradient":""}},"footnotes":""},"categories":[135],"tags":[],"class_list":["post-7382","post","type-post","status-publish","format-standard","has-post-thumbnail","hentry","category-lassociation"],"_links":{"self":[{"href":"https:\/\/www.iode-du-lac.org\/blog\/wp-json\/wp\/v2\/posts\/7382","targetHints":{"allow":["GET"]}}],"collection":[{"href":"https:\/\/www.iode-du-lac.org\/blog\/wp-json\/wp\/v2\/posts"}],"about":[{"href":"https:\/\/www.iode-du-lac.org\/blog\/wp-json\/wp\/v2\/types\/post"}],"author":[{"embeddable":true,"href":"https:\/\/www.iode-du-lac.org\/blog\/wp-json\/wp\/v2\/users\/41"}],"replies":[{"embeddable":true,"href":"https:\/\/www.iode-du-lac.org\/blog\/wp-json\/wp\/v2\/comments?post=7382"}],"version-history":[{"count":17,"href":"https:\/\/www.iode-du-lac.org\/blog\/wp-json\/wp\/v2\/posts\/7382\/revisions"}],"predecessor-version":[{"id":7649,"href":"https:\/\/www.iode-du-lac.org\/blog\/wp-json\/wp\/v2\/posts\/7382\/revisions\/7649"}],"wp:featuredmedia":[{"embeddable":true,"href":"https:\/\/www.iode-du-lac.org\/blog\/wp-json\/wp\/v2\/media\/7391"}],"wp:attachment":[{"href":"https:\/\/www.iode-du-lac.org\/blog\/wp-json\/wp\/v2\/media?parent=7382"}],"wp:term":[{"taxonomy":"category","embeddable":true,"href":"https:\/\/www.iode-du-lac.org\/blog\/wp-json\/wp\/v2\/categories?post=7382"},{"taxonomy":"post_tag","embeddable":true,"href":"https:\/\/www.iode-du-lac.org\/blog\/wp-json\/wp\/v2\/tags?post=7382"}],"curies":[{"name":"wp","href":"https:\/\/api.w.org\/{rel}","templated":true}]}}