{"id":5629,"date":"2019-05-28T20:54:20","date_gmt":"2019-05-28T20:54:20","guid":{"rendered":"http:\/\/www.iode-du-lac.org\/blog\/?p=5629"},"modified":"2019-05-31T07:51:06","modified_gmt":"2019-05-31T06:51:06","slug":"vous-etes-parents-ou-grands-parents-boostez-la-campagne-greenpeace-toulouse-sur-les-repas-vegetariens-a-la-cantine","status":"publish","type":"post","link":"https:\/\/www.iode-du-lac.org\/blog\/2019\/05\/vous-etes-parents-ou-grands-parents-boostez-la-campagne-greenpeace-toulouse-sur-les-repas-vegetariens-a-la-cantine\/","title":{"rendered":"Vous \u00eates parents ou grands-parents ?! Boostez la campagne GREENPEACE Toulouse sur les repas v\u00e9g\u00e9tariens \u00e0 la cantine !"},"content":{"rendered":"<p>Greenpeace se mobilise pour atteindre un *objectif national de 100 villes \u00e0 2 repas v\u00e9g\u00e9tariens dans les cantines d&rsquo;ici \u00e0 2020*. Vous avez certainement entendu parler de la loi EGALIM ; celle-ci pr\u00e9voit de mettre en place un menu v\u00e9g\u00e9tarien chaque semaine dans la restauration scolaire, \u00e0 partir de novembre 2019. Le but de notre campagne est d&rsquo;accompagner les cuistots et les politiques pour que cette transition se passe au mieux et que le ou les repas v\u00e9g\u00e9tariens restent en place apr\u00e8s l&rsquo;exp\u00e9rimentation de 2 ans pr\u00e9vue par cette loi.<br \/>\nIl est *urgent de r\u00e9duire notre consommation de prot\u00e9ines animales* si nous voulons engager une v\u00e9ritable transition agro-\u00e9cologique respectueuse tant du climat que de la biodiversit\u00e9. La surconsommation de prot\u00e9ines animales est \u00e9galement n\u00e9faste \u00e0 notre sant\u00e9 ; ainsi, les enfants consomment aujourd&rsquo;hui deux fois trop de produits animaux par rapport aux recommandations nutritionnelles.<br \/>\nLe rapport suivant \u00e9claire sur ces enjeux, et sur l&rsquo;influence des lobbies jusque dans les cantines :<br \/>\nViande et produits laitiers : l\u2019\u00c9tat laisserait-il les lobbies contr\u00f4ler l\u2019assiette de nos enanf st &#8211; cdn.greenpeace.fr<br \/>\n5 Introduction La restauration scolaire, c\u2019est plus d\u2019un milliard de repas par an, de la maternelle au lyc\u00e9e. Pr\u00e8s de sept millions d\u2019\u00e9l\u00e8ves sont concern\u00e9s.<br \/>\ncdn.greenpeace.fr<br \/>\n*La Mairie de Toulouse a accept\u00e9 de se lancer dans 1 repas v\u00e9g\u00e9tarien par semaine d\u00e8s le mois de juin, mais **il nous faut aller plus loin !*<br \/>\nIl s&rsquo;agit d&rsquo;aller au-del\u00e0 d&rsquo;un simple menu v\u00e9g\u00e9tarien par semaine, pour passer progressivement \u00e0 deux repas hebdomadaires. En outre, *veiller \u00e0 la bonne qualit\u00e9 de ces menus est fondamental*, en termes de go\u00fbt, d&rsquo;\u00e9quilibre et d&rsquo;origine des produits (local, frais, bio ou sous signe officiel de qualit\u00e9). C&rsquo;est toute *la philosophie du \u00ab\u00a0moins mais mieux\u00a0\u00bb, au c\u0153ur de notre campagne*.<br \/>\nVous trouverez ci-dessous toutes les infos n\u00e9cessaires pour r\u00e9pondre aux questions et faire tomber les pr\u00e9jug\u00e9s sur l&rsquo;alimentation :<br \/>\n5 ID\u00c9ES RE\u00c7UES SUR LA CONSOMMATION DE VIANDE CHEZ LES ENFANTS &#8211; cdn.greenpeace.fr<br \/>\nMon enfant est en pleine croissance. Il a besoin de consommer de la viande tous les jours pour bien grandir. \u201c \u201c ID\u00c9E RE\u00c7UE N\u00b01 FAUX !<br \/>\ncdn.greenpeace.fr<br \/>\nNous vous donnons *rendez-vous **le jeudi 6 juin \u00e0 18h au CASC*, 10 bis rue du colonel Driant, afin de parler de notre campagne. Nous \u00e9changerons autour de nos objectifs et de notre strat\u00e9gie locale \u00e0 Toulouse. L&rsquo;occasion pour chacun de venir s&rsquo;informer, \u00e9changer et s&rsquo;engager pour l&rsquo;environnement et la sant\u00e9 de nos enfants. Venez nombreux-ses, avec ou sans enfants \ud83d\ude09 !<br \/>\nD&rsquo;ici l\u00e0, vous pouvez d&rsquo;ores et d\u00e9j\u00e0 agir en signant le *manifeste pour une cantine plus verte \u00e0 Toulouse *<br \/>\nL&rsquo;\u00e9quipe de Greenpeace Toulouse vous remercie et vous dit \u00e0 tr\u00e8s vite.<\/p>\n<div id='gallery-1' class='gallery galleryid-5629 gallery-columns-3 gallery-size-thumbnail'><figure class='gallery-item'>\n\t\t\t<div class='gallery-icon landscape'>\n\t\t\t\t<a href='https:\/\/www.iode-du-lac.org\/blog\/2019\/05\/vous-etes-parents-ou-grands-parents-boostez-la-campagne-greenpeace-toulouse-sur-les-repas-vegetariens-a-la-cantine\/tournage-video-resto-co-livestock\/'><img decoding=\"async\" width=\"150\" height=\"148\" src=\"https:\/\/www.iode-du-lac.org\/blog\/wp-content\/uploads\/2019\/05\/1I2A1796\u00a9Elsa-Palito-220x148-1-150x148.jpg\" class=\"attachment-thumbnail size-thumbnail\" alt=\"\" srcset=\"https:\/\/www.iode-du-lac.org\/blog\/wp-content\/uploads\/2019\/05\/1I2A1796\u00a9Elsa-Palito-220x148-1-150x148.jpg 150w, https:\/\/www.iode-du-lac.org\/blog\/wp-content\/uploads\/2019\/05\/1I2A1796\u00a9Elsa-Palito-220x148-1-80x80.jpg 80w, https:\/\/www.iode-du-lac.org\/blog\/wp-content\/uploads\/2019\/05\/1I2A1796\u00a9Elsa-Palito-220x148-1-90x90.jpg 90w, https:\/\/www.iode-du-lac.org\/blog\/wp-content\/uploads\/2019\/05\/1I2A1796\u00a9Elsa-Palito-220x148-1-48x48.jpg 48w\" sizes=\"(max-width: 150px) 100vw, 150px\" \/><\/a>\n\t\t\t<\/div><\/figure>\n\t\t<\/div>\n\n","protected":false},"excerpt":{"rendered":"<p>Greenpeace se mobilise pour atteindre un *objectif national de 100 villes \u00e0 2 repas v\u00e9g\u00e9tariens dans les cantines d&rsquo;ici \u00e0 2020*. Vous avez certainement entendu parler de la loi EGALIM ; celle-ci pr\u00e9voit de mettre en place un menu v\u00e9g\u00e9tarien chaque semaine dans la restauration scolaire, \u00e0 partir de novembre 2019. Le but de notre campagne est d&rsquo;accompagner les cuistots et les politiques pour que cette transition se passe au mieux et que le ou les repas v\u00e9g\u00e9tariens restent en place apr\u00e8s l&rsquo;exp\u00e9rimentation de 2 ans pr\u00e9vue par cette loi. Il est *urgent de r\u00e9duire notre consommation de prot\u00e9ines animales* si nous voulons engager une v\u00e9ritable transition agro-\u00e9cologique respectueuse tant du climat que de la biodiversit\u00e9. La surconsommation de prot\u00e9ines animales est \u00e9galement n\u00e9faste \u00e0 notre sant\u00e9 ; ainsi, les enfants consomment aujourd&rsquo;hui deux fois trop de produits animaux par rapport aux recommandations nutritionnelles. Le rapport suivant \u00e9claire sur ces enjeux, et sur l&rsquo;influence des lobbies jusque dans les cantines : Viande et produits laitiers : l\u2019\u00c9tat laisserait-il les lobbies contr\u00f4ler l\u2019assiette de nos enanf st &#8211; cdn.greenpeace.fr 5 Introduction La restauration scolaire, c\u2019est plus d\u2019un milliard de repas par an, de la maternelle au lyc\u00e9e. Pr\u00e8s de sept millions d\u2019\u00e9l\u00e8ves sont concern\u00e9s. cdn.greenpeace.fr *La Mairie de Toulouse a accept\u00e9 de se lancer dans 1 repas v\u00e9g\u00e9tarien par semaine d\u00e8s le mois de juin, mais **il nous faut aller plus loin !* Il s&rsquo;agit d&rsquo;aller au-del\u00e0 d&rsquo;un simple menu v\u00e9g\u00e9tarien par semaine, pour passer progressivement \u00e0 deux repas hebdomadaires. En outre, *veiller \u00e0 la bonne qualit\u00e9 de ces menus est fondamental*, en termes de go\u00fbt, d&rsquo;\u00e9quilibre et d&rsquo;origine des produits (local, frais, bio ou sous signe officiel de qualit\u00e9). C&rsquo;est toute *la philosophie du \u00ab\u00a0moins mais mieux\u00a0\u00bb, au c\u0153ur de notre campagne*. Vous trouverez ci-dessous toutes les infos n\u00e9cessaires pour r\u00e9pondre aux questions et faire tomber les pr\u00e9jug\u00e9s sur l&rsquo;alimentation : 5 ID\u00c9ES RE\u00c7UES SUR LA CONSOMMATION DE VIANDE CHEZ LES ENFANTS &#8211; cdn.greenpeace.fr Mon enfant est en pleine croissance. Il a besoin de consommer de la viande tous les jours pour bien grandir. \u201c \u201c ID\u00c9E RE\u00c7UE N\u00b01 FAUX ! cdn.greenpeace.fr Nous vous donnons *rendez-vous **le jeudi 6 juin \u00e0 18h au CASC*, 10 bis rue du colonel Driant, afin de parler de notre campagne. Nous \u00e9changerons autour de nos objectifs et de notre strat\u00e9gie locale \u00e0 Toulouse. L&rsquo;occasion pour chacun de venir s&rsquo;informer, \u00e9changer et s&rsquo;engager pour l&rsquo;environnement et la sant\u00e9 de nos enfants. Venez nombreux-ses, avec ou sans enfants \ud83d\ude09 ! D&rsquo;ici l\u00e0, vous pouvez d&rsquo;ores et d\u00e9j\u00e0 agir en signant le *manifeste pour une cantine plus verte \u00e0 Toulouse * L&rsquo;\u00e9quipe de Greenpeace Toulouse vous remercie et vous dit \u00e0 tr\u00e8s vite.<\/p>\n","protected":false},"author":12,"featured_media":5630,"comment_status":"open","ping_status":"open","sticky":false,"template":"","format":"standard","meta":{"site-sidebar-layout":"default","site-content-layout":"","ast-site-content-layout":"default","site-content-style":"default","site-sidebar-style":"default","ast-global-header-display":"","ast-banner-title-visibility":"","ast-main-header-display":"","ast-hfb-above-header-display":"","ast-hfb-below-header-display":"","ast-hfb-mobile-header-display":"","site-post-title":"","ast-breadcrumbs-content":"","ast-featured-img":"","footer-sml-layout":"","ast-disable-related-posts":"","theme-transparent-header-meta":"","adv-header-id-meta":"","stick-header-meta":"","header-above-stick-meta":"","header-main-stick-meta":"","header-below-stick-meta":"","astra-migrate-meta-layouts":"default","ast-page-background-enabled":"default","ast-page-background-meta":{"desktop":{"background-color":"var(--ast-global-color-5)","background-image":"","background-repeat":"repeat","background-position":"center center","background-size":"auto","background-attachment":"scroll","background-type":"","background-media":"","overlay-type":"","overlay-color":"","overlay-opacity":"","overlay-gradient":""},"tablet":{"background-color":"","background-image":"","background-repeat":"repeat","background-position":"center center","background-size":"auto","background-attachment":"scroll","background-type":"","background-media":"","overlay-type":"","overlay-color":"","overlay-opacity":"","overlay-gradient":""},"mobile":{"background-color":"","background-image":"","background-repeat":"repeat","background-position":"center center","background-size":"auto","background-attachment":"scroll","background-type":"","background-media":"","overlay-type":"","overlay-color":"","overlay-opacity":"","overlay-gradient":""}},"ast-content-background-meta":{"desktop":{"background-color":"var(--ast-global-color-4)","background-image":"","background-repeat":"repeat","background-position":"center center","background-size":"auto","background-attachment":"scroll","background-type":"","background-media":"","overlay-type":"","overlay-color":"","overlay-opacity":"","overlay-gradient":""},"tablet":{"background-color":"var(--ast-global-color-4)","background-image":"","background-repeat":"repeat","background-position":"center center","background-size":"auto","background-attachment":"scroll","background-type":"","background-media":"","overlay-type":"","overlay-color":"","overlay-opacity":"","overlay-gradient":""},"mobile":{"background-color":"var(--ast-global-color-4)","background-image":"","background-repeat":"repeat","background-position":"center center","background-size":"auto","background-attachment":"scroll","background-type":"","background-media":"","overlay-type":"","overlay-color":"","overlay-opacity":"","overlay-gradient":""}},"footnotes":""},"categories":[9],"tags":[],"class_list":["post-5629","post","type-post","status-publish","format-standard","has-post-thumbnail","hentry","category-alimentation"],"_links":{"self":[{"href":"https:\/\/www.iode-du-lac.org\/blog\/wp-json\/wp\/v2\/posts\/5629","targetHints":{"allow":["GET"]}}],"collection":[{"href":"https:\/\/www.iode-du-lac.org\/blog\/wp-json\/wp\/v2\/posts"}],"about":[{"href":"https:\/\/www.iode-du-lac.org\/blog\/wp-json\/wp\/v2\/types\/post"}],"author":[{"embeddable":true,"href":"https:\/\/www.iode-du-lac.org\/blog\/wp-json\/wp\/v2\/users\/12"}],"replies":[{"embeddable":true,"href":"https:\/\/www.iode-du-lac.org\/blog\/wp-json\/wp\/v2\/comments?post=5629"}],"version-history":[{"count":1,"href":"https:\/\/www.iode-du-lac.org\/blog\/wp-json\/wp\/v2\/posts\/5629\/revisions"}],"predecessor-version":[{"id":5635,"href":"https:\/\/www.iode-du-lac.org\/blog\/wp-json\/wp\/v2\/posts\/5629\/revisions\/5635"}],"wp:featuredmedia":[{"embeddable":true,"href":"https:\/\/www.iode-du-lac.org\/blog\/wp-json\/wp\/v2\/media\/5630"}],"wp:attachment":[{"href":"https:\/\/www.iode-du-lac.org\/blog\/wp-json\/wp\/v2\/media?parent=5629"}],"wp:term":[{"taxonomy":"category","embeddable":true,"href":"https:\/\/www.iode-du-lac.org\/blog\/wp-json\/wp\/v2\/categories?post=5629"},{"taxonomy":"post_tag","embeddable":true,"href":"https:\/\/www.iode-du-lac.org\/blog\/wp-json\/wp\/v2\/tags?post=5629"}],"curies":[{"name":"wp","href":"https:\/\/api.w.org\/{rel}","templated":true}]}}