{"id":2954,"date":"2013-05-02T13:33:51","date_gmt":"2013-05-02T12:33:51","guid":{"rendered":"http:\/\/www.iode-du-lac.org\/blog\/?p=2954"},"modified":"2013-05-15T09:28:03","modified_gmt":"2013-05-15T08:28:03","slug":"conference-production-renouvelables-et-reseau-electrique-midi-pyrenees","status":"publish","type":"post","link":"https:\/\/www.iode-du-lac.org\/blog\/2013\/05\/conference-production-renouvelables-et-reseau-electrique-midi-pyrenees\/","title":{"rendered":"Conf\u00e9rence : Productions renouvelables et r\u00e9seau \u00e9lectrique Midi-Pyr\u00e9n\u00e9es &#8211; 22 Mai 2013 et 20 Juin 2013"},"content":{"rendered":"<p>Dans la suite des conf\u00e9rences sur le solaire, l&rsquo;\u00e9olien voici un nouvel angle de vue qui nous sera pr\u00e9sent\u00e9 par<strong> Fr\u00e9d\u00e9ric Berly<\/strong>, Chef de la Division Energie \u00e0 la Direction R\u00e9gionale. (DREAL Midi-Pyr\u00e9n\u00e9es)<\/p>\n<h3 style=\"text-align: center;\"><span style=\"text-decoration: underline;\"><strong><span style=\"color: #000000; text-decoration: underline;\">Mercredi 22 Mai 2013 au LAC (Salle G.Sand) \u00e0 Saint-Martin et Jeudi 20 Juin 2013 \u00e0 l&rsquo;auditorium du B22 \u00e0 12h15 (acc\u00e8s libre)<\/span><\/strong><\/span><\/h3>\n<h1 style=\"text-align: center;\"><\/h1>\n<h1 style=\"text-align: center;\">sch\u00e9ma r\u00e9gional des \u00e9nergies renouvelables<\/h1>\n<h4>Pr\u00e9sentation des enjeux de Midi-Pyr\u00e9n\u00e9es pour les \u00e9nergies renouvelables :<\/h4>\n<ul>\n<li>quel est le potentiel r\u00e9gional ,<\/li>\n<li>quel est l&rsquo;objectif de d\u00e9veloppement d&rsquo;ici \u00e0 2020 ?<\/li>\n<li>comment se raccorde t-on au r\u00e9seau \u00e9lectrique ?<\/li>\n<li>comment assure t-on l&rsquo;\u00e9quilibre offre \/ demande ?<\/li>\n<\/ul>\n<h4>Les certificats d&rsquo;\u00e9nergie :<\/h4>\n<ul>\n<li>pourquoi et comment fonctionne ce dispositif<\/li>\n<li>un levier efficace pour les \u00e9conomies d&rsquo;\u00e9nergie<\/li>\n<\/ul>\n<p>&nbsp;<\/p>\n<p><a href=\"https:\/\/www.iode-du-lac.org\/blog\/wp-content\/uploads\/2013\/05\/PH215-010.jpg\"><img fetchpriority=\"high\" decoding=\"async\" class=\"aligncenter size-full wp-image-2957\" alt=\"PH215-010\" src=\"https:\/\/www.iode-du-lac.org\/blog\/wp-content\/uploads\/2013\/05\/PH215-010.jpg\" width=\"792\" height=\"527\" srcset=\"https:\/\/www.iode-du-lac.org\/blog\/wp-content\/uploads\/2013\/05\/PH215-010.jpg 792w, https:\/\/www.iode-du-lac.org\/blog\/wp-content\/uploads\/2013\/05\/PH215-010-250x166.jpg 250w, https:\/\/www.iode-du-lac.org\/blog\/wp-content\/uploads\/2013\/05\/PH215-010-680x452.jpg 680w, https:\/\/www.iode-du-lac.org\/blog\/wp-content\/uploads\/2013\/05\/PH215-010-125x83.jpg 125w\" sizes=\"(max-width: 792px) 100vw, 792px\" \/><\/a> <a href=\"https:\/\/www.iode-du-lac.org\/blog\/wp-content\/uploads\/2013\/05\/PH198-001.jpg\"><img decoding=\"async\" class=\"aligncenter size-full wp-image-2956\" alt=\"PH198-001\" src=\"https:\/\/www.iode-du-lac.org\/blog\/wp-content\/uploads\/2013\/05\/PH198-001.jpg\" width=\"793\" height=\"528\" srcset=\"https:\/\/www.iode-du-lac.org\/blog\/wp-content\/uploads\/2013\/05\/PH198-001.jpg 793w, https:\/\/www.iode-du-lac.org\/blog\/wp-content\/uploads\/2013\/05\/PH198-001-250x166.jpg 250w, https:\/\/www.iode-du-lac.org\/blog\/wp-content\/uploads\/2013\/05\/PH198-001-680x452.jpg 680w, https:\/\/www.iode-du-lac.org\/blog\/wp-content\/uploads\/2013\/05\/PH198-001-125x83.jpg 125w\" sizes=\"(max-width: 793px) 100vw, 793px\" \/><\/a><\/p>\n<p><a title=\"DREAL SRE\" href=\"http:\/\/www.midi-pyrenees.developpement-durable.gouv.fr\/le-schema-regional-de-raccordement-a9182.html\">lien vers le site de la DREAL<\/a><\/p>\n","protected":false},"excerpt":{"rendered":"<p>Dans la suite des conf\u00e9rences sur le solaire, l&rsquo;\u00e9olien voici un nouvel angle de vue qui nous sera pr\u00e9sent\u00e9 par Fr\u00e9d\u00e9ric Berly, Chef de la Division Energie \u00e0 la Direction R\u00e9gionale. (DREAL Midi-Pyr\u00e9n\u00e9es) Mercredi 22 Mai 2013 au LAC (Salle G.Sand) \u00e0 Saint-Martin et Jeudi 20 Juin 2013 \u00e0 l&rsquo;auditorium du B22 \u00e0 12h15 (acc\u00e8s libre) sch\u00e9ma r\u00e9gional des \u00e9nergies renouvelables Pr\u00e9sentation des enjeux de Midi-Pyr\u00e9n\u00e9es pour les \u00e9nergies renouvelables : quel est le potentiel r\u00e9gional , quel est l&rsquo;objectif de d\u00e9veloppement d&rsquo;ici \u00e0 2020 ? comment se raccorde t-on au r\u00e9seau \u00e9lectrique ? comment assure t-on l&rsquo;\u00e9quilibre offre \/ demande ? Les certificats d&rsquo;\u00e9nergie : pourquoi et comment fonctionne ce dispositif un levier efficace pour les \u00e9conomies d&rsquo;\u00e9nergie &nbsp; lien vers le site de la DREAL<\/p>\n","protected":false},"author":4,"featured_media":2957,"comment_status":"open","ping_status":"open","sticky":false,"template":"","format":"standard","meta":{"site-sidebar-layout":"default","site-content-layout":"","ast-site-content-layout":"default","site-content-style":"default","site-sidebar-style":"default","ast-global-header-display":"","ast-banner-title-visibility":"","ast-main-header-display":"","ast-hfb-above-header-display":"","ast-hfb-below-header-display":"","ast-hfb-mobile-header-display":"","site-post-title":"","ast-breadcrumbs-content":"","ast-featured-img":"","footer-sml-layout":"","ast-disable-related-posts":"","theme-transparent-header-meta":"","adv-header-id-meta":"","stick-header-meta":"","header-above-stick-meta":"","header-main-stick-meta":"","header-below-stick-meta":"","astra-migrate-meta-layouts":"default","ast-page-background-enabled":"default","ast-page-background-meta":{"desktop":{"background-color":"var(--ast-global-color-5)","background-image":"","background-repeat":"repeat","background-position":"center center","background-size":"auto","background-attachment":"scroll","background-type":"","background-media":"","overlay-type":"","overlay-color":"","overlay-opacity":"","overlay-gradient":""},"tablet":{"background-color":"","background-image":"","background-repeat":"repeat","background-position":"center center","background-size":"auto","background-attachment":"scroll","background-type":"","background-media":"","overlay-type":"","overlay-color":"","overlay-opacity":"","overlay-gradient":""},"mobile":{"background-color":"","background-image":"","background-repeat":"repeat","background-position":"center center","background-size":"auto","background-attachment":"scroll","background-type":"","background-media":"","overlay-type":"","overlay-color":"","overlay-opacity":"","overlay-gradient":""}},"ast-content-background-meta":{"desktop":{"background-color":"var(--ast-global-color-4)","background-image":"","background-repeat":"repeat","background-position":"center center","background-size":"auto","background-attachment":"scroll","background-type":"","background-media":"","overlay-type":"","overlay-color":"","overlay-opacity":"","overlay-gradient":""},"tablet":{"background-color":"var(--ast-global-color-4)","background-image":"","background-repeat":"repeat","background-position":"center center","background-size":"auto","background-attachment":"scroll","background-type":"","background-media":"","overlay-type":"","overlay-color":"","overlay-opacity":"","overlay-gradient":""},"mobile":{"background-color":"var(--ast-global-color-4)","background-image":"","background-repeat":"repeat","background-position":"center center","background-size":"auto","background-attachment":"scroll","background-type":"","background-media":"","overlay-type":"","overlay-color":"","overlay-opacity":"","overlay-gradient":""}},"footnotes":""},"categories":[11],"tags":[],"class_list":["post-2954","post","type-post","status-publish","format-standard","has-post-thumbnail","hentry","category-habitat-et-energie"],"_links":{"self":[{"href":"https:\/\/www.iode-du-lac.org\/blog\/wp-json\/wp\/v2\/posts\/2954","targetHints":{"allow":["GET"]}}],"collection":[{"href":"https:\/\/www.iode-du-lac.org\/blog\/wp-json\/wp\/v2\/posts"}],"about":[{"href":"https:\/\/www.iode-du-lac.org\/blog\/wp-json\/wp\/v2\/types\/post"}],"author":[{"embeddable":true,"href":"https:\/\/www.iode-du-lac.org\/blog\/wp-json\/wp\/v2\/users\/4"}],"replies":[{"embeddable":true,"href":"https:\/\/www.iode-du-lac.org\/blog\/wp-json\/wp\/v2\/comments?post=2954"}],"version-history":[{"count":15,"href":"https:\/\/www.iode-du-lac.org\/blog\/wp-json\/wp\/v2\/posts\/2954\/revisions"}],"predecessor-version":[{"id":2965,"href":"https:\/\/www.iode-du-lac.org\/blog\/wp-json\/wp\/v2\/posts\/2954\/revisions\/2965"}],"wp:featuredmedia":[{"embeddable":true,"href":"https:\/\/www.iode-du-lac.org\/blog\/wp-json\/wp\/v2\/media\/2957"}],"wp:attachment":[{"href":"https:\/\/www.iode-du-lac.org\/blog\/wp-json\/wp\/v2\/media?parent=2954"}],"wp:term":[{"taxonomy":"category","embeddable":true,"href":"https:\/\/www.iode-du-lac.org\/blog\/wp-json\/wp\/v2\/categories?post=2954"},{"taxonomy":"post_tag","embeddable":true,"href":"https:\/\/www.iode-du-lac.org\/blog\/wp-json\/wp\/v2\/tags?post=2954"}],"curies":[{"name":"wp","href":"https:\/\/api.w.org\/{rel}","templated":true}]}}