{"id":2941,"date":"2013-04-24T16:28:58","date_gmt":"2013-04-24T15:28:58","guid":{"rendered":"http:\/\/www.iode-du-lac.org\/blog\/?p=2941"},"modified":"2013-04-24T16:28:58","modified_gmt":"2013-04-24T15:28:58","slug":"les-rencontres-de-lagriculture-face-a-lartificialisation-croissante-quelle-place-pour-les-terres-agricoles-pourquoi-et-comment-les-sauvegarder-conference-avec-la-participation-de-marc","status":"publish","type":"post","link":"https:\/\/www.iode-du-lac.org\/blog\/2013\/04\/les-rencontres-de-lagriculture-face-a-lartificialisation-croissante-quelle-place-pour-les-terres-agricoles-pourquoi-et-comment-les-sauvegarder-conference-avec-la-participation-de-marc\/","title":{"rendered":"Les rencontres de l&rsquo;agriculture &#8211; \u00ab\u00a0Face \u00e0 l&rsquo;artificialisation croissante, quelle place pour les terres agricoles ? Pourquoi et comment les sauvegarder ?\u00a0\u00bb &#8211; Conf\u00e9rence avec la participation de Marc Dufumier &#8211; Jeudi 16 Mai 2013 \u00e0 19H30"},"content":{"rendered":"<p><a href=\"https:\/\/www.iode-du-lac.org\/blog\/wp-content\/uploads\/2013\/04\/conference_artificialisation_terres1.jpg\"><img fetchpriority=\"high\" decoding=\"async\" class=\"aligncenter size-full wp-image-2947\" alt=\"conference_artificialisation_terres\" src=\"https:\/\/www.iode-du-lac.org\/blog\/wp-content\/uploads\/2013\/04\/conference_artificialisation_terres1.jpg\" width=\"648\" height=\"288\" srcset=\"https:\/\/www.iode-du-lac.org\/blog\/wp-content\/uploads\/2013\/04\/conference_artificialisation_terres1.jpg 648w, https:\/\/www.iode-du-lac.org\/blog\/wp-content\/uploads\/2013\/04\/conference_artificialisation_terres1-250x111.jpg 250w, https:\/\/www.iode-du-lac.org\/blog\/wp-content\/uploads\/2013\/04\/conference_artificialisation_terres1-125x55.jpg 125w\" sizes=\"(max-width: 648px) 100vw, 648px\" \/><\/a>Une surface de la taille d\u2019un d\u00e9partement fran\u00e7ais est artificialis\u00e9e tous les 7 ans. L&rsquo;artificialisation des terres agricoles est un enjeu complexe qui pose la question de la place de notre agriculture sur notre territoire, des emplois associ\u00e9s et, \u00e0 terme, de notre souverainet\u00e9 alimentaire. Quels sont les enjeux de la perte de terres agricoles? Quels sont les moyens pour retrouver une agriculture riche en emploi et des territoires ruraux vivants ?<\/p>\n<p align=\"center\"><b>INVITATION GRATUITE<\/b><\/p>\n<p style=\"text-align: center;\"><span style=\"color: #ff0000;\"><strong>Jeudi 16 mai 2013<\/strong><\/span><br \/>\n<span style=\"color: #ff0000;\"><strong> \u00e0 19h30, Toulouse<\/strong><\/span><\/p>\n<p align=\"center\"><strong>Ecole Nationale Sup\u00e9rieure d&rsquo;Agronomie de Toulouse <\/strong><br \/>\nAmphith\u00e9\u00e2tre Sabatier<br \/>\nAvenue de l&rsquo;Agrobiopole<br \/>\nAuzeville &#8211; Tolosane<br \/>\n31326 Castanet &#8211; Tolosan Cedex<br \/>\n<a title=\"Voir le plan d'acc\ufffds\" href=\"http:\/\/powow3.iroquois.fr\/powow\/fondation_nicolas_hulot_385114775\/click.php?c=54473&amp;i=12301&amp;l=342637\" target=\"_blank\">Plan d&rsquo;acc\u00e8s<\/a><\/p>\n<p><strong>19H00 <\/strong>Accueil<br \/>\n<strong>19H30 &gt; 20H45 <\/strong>Introduction par Marc Dufumier, \u00e9clairage d&rsquo;un repr\u00e9sentant de la fonci\u00e8re Terre de Liens, d&rsquo;agriculteurs et de Philippe Pointereau, directeur du p\u00f4le Agro\u00e9cologie de SOLAGRO.<br \/>\n<strong>20H45 &gt; 21H15 <\/strong>Questions-r\u00e9ponses avec le public.<br \/>\n<strong>21H15 &gt; 21H30 <\/strong>Conclusion.<\/p>\n<p><strong><span style=\"color: #ff0000;\">INSCRIPTION GRATUITE MAIS OBLIGATOIRE ICI :\u00a0<a title=\"Formulaire d'inscription\" href=\"https:\/\/docs.google.com\/forms\/d\/1us3hbyzMqHxrur6FMp4vFWcekMojSWCxnqcqW8B3i70\/viewform?pli=1\" target=\"_blank\">Formulaire d&rsquo;inscription<\/a><\/span><\/strong><\/p>\n","protected":false},"excerpt":{"rendered":"<p>Une surface de la taille d\u2019un d\u00e9partement fran\u00e7ais est artificialis\u00e9e tous les 7 ans. L&rsquo;artificialisation des terres agricoles est un enjeu complexe qui pose la question de la place de notre agriculture sur notre territoire, des emplois associ\u00e9s et, \u00e0 terme, de notre souverainet\u00e9 alimentaire. Quels sont les enjeux de la perte de terres agricoles? Quels sont les moyens pour retrouver une agriculture riche en emploi et des territoires ruraux vivants ? INVITATION GRATUITE Jeudi 16 mai 2013 \u00e0 19h30, Toulouse Ecole Nationale Sup\u00e9rieure d&rsquo;Agronomie de Toulouse Amphith\u00e9\u00e2tre Sabatier Avenue de l&rsquo;Agrobiopole Auzeville &#8211; Tolosane 31326 Castanet &#8211; Tolosan Cedex Plan d&rsquo;acc\u00e8s 19H00 Accueil 19H30 &gt; 20H45 Introduction par Marc Dufumier, \u00e9clairage d&rsquo;un repr\u00e9sentant de la fonci\u00e8re Terre de Liens, d&rsquo;agriculteurs et de Philippe Pointereau, directeur du p\u00f4le Agro\u00e9cologie de SOLAGRO. 20H45 &gt; 21H15 Questions-r\u00e9ponses avec le public. 21H15 &gt; 21H30 Conclusion. INSCRIPTION GRATUITE MAIS OBLIGATOIRE ICI :\u00a0Formulaire d&rsquo;inscription<\/p>\n","protected":false},"author":3,"featured_media":0,"comment_status":"open","ping_status":"open","sticky":false,"template":"","format":"standard","meta":{"site-sidebar-layout":"default","site-content-layout":"","ast-site-content-layout":"default","site-content-style":"default","site-sidebar-style":"default","ast-global-header-display":"","ast-banner-title-visibility":"","ast-main-header-display":"","ast-hfb-above-header-display":"","ast-hfb-below-header-display":"","ast-hfb-mobile-header-display":"","site-post-title":"","ast-breadcrumbs-content":"","ast-featured-img":"","footer-sml-layout":"","ast-disable-related-posts":"","theme-transparent-header-meta":"","adv-header-id-meta":"","stick-header-meta":"","header-above-stick-meta":"","header-main-stick-meta":"","header-below-stick-meta":"","astra-migrate-meta-layouts":"default","ast-page-background-enabled":"default","ast-page-background-meta":{"desktop":{"background-color":"var(--ast-global-color-5)","background-image":"","background-repeat":"repeat","background-position":"center center","background-size":"auto","background-attachment":"scroll","background-type":"","background-media":"","overlay-type":"","overlay-color":"","overlay-opacity":"","overlay-gradient":""},"tablet":{"background-color":"","background-image":"","background-repeat":"repeat","background-position":"center center","background-size":"auto","background-attachment":"scroll","background-type":"","background-media":"","overlay-type":"","overlay-color":"","overlay-opacity":"","overlay-gradient":""},"mobile":{"background-color":"","background-image":"","background-repeat":"repeat","background-position":"center center","background-size":"auto","background-attachment":"scroll","background-type":"","background-media":"","overlay-type":"","overlay-color":"","overlay-opacity":"","overlay-gradient":""}},"ast-content-background-meta":{"desktop":{"background-color":"var(--ast-global-color-4)","background-image":"","background-repeat":"repeat","background-position":"center center","background-size":"auto","background-attachment":"scroll","background-type":"","background-media":"","overlay-type":"","overlay-color":"","overlay-opacity":"","overlay-gradient":""},"tablet":{"background-color":"var(--ast-global-color-4)","background-image":"","background-repeat":"repeat","background-position":"center center","background-size":"auto","background-attachment":"scroll","background-type":"","background-media":"","overlay-type":"","overlay-color":"","overlay-opacity":"","overlay-gradient":""},"mobile":{"background-color":"var(--ast-global-color-4)","background-image":"","background-repeat":"repeat","background-position":"center center","background-size":"auto","background-attachment":"scroll","background-type":"","background-media":"","overlay-type":"","overlay-color":"","overlay-opacity":"","overlay-gradient":""}},"footnotes":""},"categories":[9],"tags":[],"class_list":["post-2941","post","type-post","status-publish","format-standard","hentry","category-alimentation"],"_links":{"self":[{"href":"https:\/\/www.iode-du-lac.org\/blog\/wp-json\/wp\/v2\/posts\/2941","targetHints":{"allow":["GET"]}}],"collection":[{"href":"https:\/\/www.iode-du-lac.org\/blog\/wp-json\/wp\/v2\/posts"}],"about":[{"href":"https:\/\/www.iode-du-lac.org\/blog\/wp-json\/wp\/v2\/types\/post"}],"author":[{"embeddable":true,"href":"https:\/\/www.iode-du-lac.org\/blog\/wp-json\/wp\/v2\/users\/3"}],"replies":[{"embeddable":true,"href":"https:\/\/www.iode-du-lac.org\/blog\/wp-json\/wp\/v2\/comments?post=2941"}],"version-history":[{"count":7,"href":"https:\/\/www.iode-du-lac.org\/blog\/wp-json\/wp\/v2\/posts\/2941\/revisions"}],"predecessor-version":[{"id":2950,"href":"https:\/\/www.iode-du-lac.org\/blog\/wp-json\/wp\/v2\/posts\/2941\/revisions\/2950"}],"wp:attachment":[{"href":"https:\/\/www.iode-du-lac.org\/blog\/wp-json\/wp\/v2\/media?parent=2941"}],"wp:term":[{"taxonomy":"category","embeddable":true,"href":"https:\/\/www.iode-du-lac.org\/blog\/wp-json\/wp\/v2\/categories?post=2941"},{"taxonomy":"post_tag","embeddable":true,"href":"https:\/\/www.iode-du-lac.org\/blog\/wp-json\/wp\/v2\/tags?post=2941"}],"curies":[{"name":"wp","href":"https:\/\/api.w.org\/{rel}","templated":true}]}}