{"id":2239,"date":"2012-03-27T14:34:51","date_gmt":"2012-03-27T13:34:51","guid":{"rendered":"http:\/\/www.iode-du-lac.org\/blog\/?p=2239"},"modified":"2012-04-02T14:31:09","modified_gmt":"2012-04-02T13:31:09","slug":"conference-renovation-habitat-diagnostic-et-thermographie","status":"publish","type":"post","link":"https:\/\/www.iode-du-lac.org\/blog\/2012\/03\/conference-renovation-habitat-diagnostic-et-thermographie\/","title":{"rendered":"Conf\u00e9rence : r\u00e9novation habitat, diagnostic et thermographie &#8211; Mardi 3 avril 2012 \u00e0 12H30"},"content":{"rendered":"<p>Le <strong>mardi 3 avril 2012<\/strong>, durant la Semaine du D\u00e9veloppement Durable, Le Point Info Energie de Solagro viendra nous pr\u00e9senter :<br \/>\n&#8211; la R\u00e9novation dans l&rsquo;habitat<br \/>\n&#8211; le diagnostic thermique et \u00e9nerg\u00e9tique<br \/>\n&#8211; la thermographie<br \/>\nLes enjeux de r\u00e9novation sont importants, \u00e0 titre individuel pour <strong>r\u00e9aliser des \u00e9conomies<\/strong> et gagner en confort.<\/p>\n<p>Et bien entendu pour <strong>limiter le r\u00e9chauffement climatique<\/strong>.<br \/>\nR\u00e9my Gayrard montrera des cas r\u00e9cents de diagnostic gr\u00e2ce \u00e0 une cam\u00e9ra thermique, effectu\u00e9s dans la D\u00e9partement par le Point Info Energie.<\/p>\n<p>N&rsquo;h\u00e9sitez pas \u00e0 faire conna\u00eetre cette conf\u00e9rence \u00e0 vos proches.<br \/>\n<span style=\"color: #ff0000;\"><strong>C&rsquo;est gratuit et ouvert \u00e0 tous !<\/strong><\/span><br \/>\n<strong>Lieu : St-Martin, Espace Loisir du CE Airbus Op\u00e9rations, RdC, salle G. Sand.<\/strong><br \/>\n<strong> 12h30 \u00e0 14h.<\/strong><\/p>\n","protected":false},"excerpt":{"rendered":"<p>Le mardi 3 avril 2012, durant la Semaine du D\u00e9veloppement Durable, Le Point Info Energie de Solagro viendra nous pr\u00e9senter : &#8211; la R\u00e9novation dans l&rsquo;habitat &#8211; le diagnostic thermique et \u00e9nerg\u00e9tique &#8211; la thermographie Les enjeux de r\u00e9novation sont importants, \u00e0 titre individuel pour r\u00e9aliser des \u00e9conomies et gagner en confort. Et bien entendu pour limiter le r\u00e9chauffement climatique. R\u00e9my Gayrard montrera des cas r\u00e9cents de diagnostic gr\u00e2ce \u00e0 une cam\u00e9ra thermique, effectu\u00e9s dans la D\u00e9partement par le Point Info Energie. N&rsquo;h\u00e9sitez pas \u00e0 faire conna\u00eetre cette conf\u00e9rence \u00e0 vos proches. C&rsquo;est gratuit et ouvert \u00e0 tous ! Lieu : St-Martin, Espace Loisir du CE Airbus Op\u00e9rations, RdC, salle G. Sand. 12h30 \u00e0 14h.<\/p>\n","protected":false},"author":5,"featured_media":0,"comment_status":"open","ping_status":"open","sticky":false,"template":"","format":"standard","meta":{"site-sidebar-layout":"default","site-content-layout":"","ast-site-content-layout":"default","site-content-style":"default","site-sidebar-style":"default","ast-global-header-display":"","ast-banner-title-visibility":"","ast-main-header-display":"","ast-hfb-above-header-display":"","ast-hfb-below-header-display":"","ast-hfb-mobile-header-display":"","site-post-title":"","ast-breadcrumbs-content":"","ast-featured-img":"","footer-sml-layout":"","ast-disable-related-posts":"","theme-transparent-header-meta":"","adv-header-id-meta":"","stick-header-meta":"","header-above-stick-meta":"","header-main-stick-meta":"","header-below-stick-meta":"","astra-migrate-meta-layouts":"default","ast-page-background-enabled":"default","ast-page-background-meta":{"desktop":{"background-color":"var(--ast-global-color-5)","background-image":"","background-repeat":"repeat","background-position":"center center","background-size":"auto","background-attachment":"scroll","background-type":"","background-media":"","overlay-type":"","overlay-color":"","overlay-opacity":"","overlay-gradient":""},"tablet":{"background-color":"","background-image":"","background-repeat":"repeat","background-position":"center center","background-size":"auto","background-attachment":"scroll","background-type":"","background-media":"","overlay-type":"","overlay-color":"","overlay-opacity":"","overlay-gradient":""},"mobile":{"background-color":"","background-image":"","background-repeat":"repeat","background-position":"center center","background-size":"auto","background-attachment":"scroll","background-type":"","background-media":"","overlay-type":"","overlay-color":"","overlay-opacity":"","overlay-gradient":""}},"ast-content-background-meta":{"desktop":{"background-color":"var(--ast-global-color-4)","background-image":"","background-repeat":"repeat","background-position":"center center","background-size":"auto","background-attachment":"scroll","background-type":"","background-media":"","overlay-type":"","overlay-color":"","overlay-opacity":"","overlay-gradient":""},"tablet":{"background-color":"var(--ast-global-color-4)","background-image":"","background-repeat":"repeat","background-position":"center center","background-size":"auto","background-attachment":"scroll","background-type":"","background-media":"","overlay-type":"","overlay-color":"","overlay-opacity":"","overlay-gradient":""},"mobile":{"background-color":"var(--ast-global-color-4)","background-image":"","background-repeat":"repeat","background-position":"center center","background-size":"auto","background-attachment":"scroll","background-type":"","background-media":"","overlay-type":"","overlay-color":"","overlay-opacity":"","overlay-gradient":""}},"footnotes":""},"categories":[11],"tags":[126,128,114,127,125],"class_list":["post-2239","post","type-post","status-publish","format-standard","hentry","category-habitat-et-energie","tag-batiment","tag-bioclimatisme","tag-energie-2","tag-isolation","tag-renovation"],"_links":{"self":[{"href":"https:\/\/www.iode-du-lac.org\/blog\/wp-json\/wp\/v2\/posts\/2239","targetHints":{"allow":["GET"]}}],"collection":[{"href":"https:\/\/www.iode-du-lac.org\/blog\/wp-json\/wp\/v2\/posts"}],"about":[{"href":"https:\/\/www.iode-du-lac.org\/blog\/wp-json\/wp\/v2\/types\/post"}],"author":[{"embeddable":true,"href":"https:\/\/www.iode-du-lac.org\/blog\/wp-json\/wp\/v2\/users\/5"}],"replies":[{"embeddable":true,"href":"https:\/\/www.iode-du-lac.org\/blog\/wp-json\/wp\/v2\/comments?post=2239"}],"version-history":[{"count":5,"href":"https:\/\/www.iode-du-lac.org\/blog\/wp-json\/wp\/v2\/posts\/2239\/revisions"}],"predecessor-version":[{"id":2244,"href":"https:\/\/www.iode-du-lac.org\/blog\/wp-json\/wp\/v2\/posts\/2239\/revisions\/2244"}],"wp:attachment":[{"href":"https:\/\/www.iode-du-lac.org\/blog\/wp-json\/wp\/v2\/media?parent=2239"}],"wp:term":[{"taxonomy":"category","embeddable":true,"href":"https:\/\/www.iode-du-lac.org\/blog\/wp-json\/wp\/v2\/categories?post=2239"},{"taxonomy":"post_tag","embeddable":true,"href":"https:\/\/www.iode-du-lac.org\/blog\/wp-json\/wp\/v2\/tags?post=2239"}],"curies":[{"name":"wp","href":"https:\/\/api.w.org\/{rel}","templated":true}]}}