{"id":2042,"date":"2011-12-12T09:17:06","date_gmt":"2011-12-12T08:17:06","guid":{"rendered":"http:\/\/www.iode-du-lac.org\/blog\/?p=2042"},"modified":"2026-04-28T22:18:04","modified_gmt":"2026-04-28T20:18:04","slug":"%c2%abla-revolution-des-sols-vivants%c2%bb-jeudi-15-decembre-20h30","status":"publish","type":"post","link":"https:\/\/www.iode-du-lac.org\/blog\/2011\/12\/%c2%abla-revolution-des-sols-vivants%c2%bb-jeudi-15-decembre-20h30\/","title":{"rendered":"\u00abLa r\u00e9volution des sols vivants\u00bb       Jeudi 15 D\u00e9cembre 20H30"},"content":{"rendered":"<p><span style=\"color: #339966;\">Le jeudi 15 d\u00e9cembre commence le cycle de quatre conf\u00e9rences :<\/span> <span style=\"color: #339966;\"><strong>\u00ab Quel avenir sans agriculture ? \u00bb<\/strong><\/span><br \/>\nJeudi 15 D\u00e9cembre 20h30, l\u2019Espace Bonnefoy &amp; l\u2019association APIFERA pr\u00e9sentent le Film de Perrine BERTRAND &amp; Yann GRILL <span style=\"color: #0000ff;\"><strong>\u00abLa r\u00e9volution des sols vivants \u00bb<\/strong><\/span><br \/>\nLes bases de l\u2019agronomie moderne sont le plus souvent biais\u00e9es, parfois erron\u00e9es ou obsol\u00e8tes\u2026<br \/>\nElles conduisent \u00e0 une d\u00e9sertification rapide et inexorable de nos sols, ph\u00e9nom\u00e8ne visible \u00e0 l\u2019\u0153il nu\u2026 Dans <em><strong>La r\u00e9volution des sols vivants, <\/strong><\/em><strong>Yan Grill et Perrine Bertrand<\/strong> nous entrainent \u00e0 la rencontre d\u2019acteurs de terrain (agronomes, agriculteurs conventionnels, agriculteurs et jardiniers biologiques) qui ont choisi des solutions alternatives non d\u00e9gradantes, adapt\u00e9es \u00e0 notre pays, \u00e0 nos champs et \u00e0 nos jardins\u2026Produire sainement tout en respectant notre outil de travail, le sol, en le r\u00e9g\u00e9n\u00e9rant, est devenu une urgence absolue, rien ne l\u2019interdit, c\u2019est possible et \u00e0 la port\u00e9e de tout un chacun\u2026<br \/>\nC\u2019est le message plein d\u2019espoir que d\u00e9livre ce nouveau film profond\u00e9ment optimiste\u2026<br \/>\nAvec la pr\u00e9sence des r\u00e9alisateurs.\u00a0 Projection du film suivi d\u2019un d\u00e9bat anim\u00e9 par <strong>Bernard BERTRAND. \u00c9crivain Paysan<\/strong><br \/>\n<span style=\"color: #993300;\">Cette s\u00e9ance se d\u00e9roulera dans la salle de spectacles 2\u00e8me \u00e9tage.<\/span><br \/>\nrenseignements : 05.61.26.25.38 \/ 06.70.05.31.18 \/ apifera.mp@gmail.com<br \/>\n<a href=\"https:\/\/sites.google.com\/site\/associationapifera\/\" target=\"_blank\">https:\/\/sites.google.com\/site\/associationapifera\/<br \/>\n<\/a>Espace Bonnefoy 4, rue du faubourg-Bonnefoy-31500 Toulouse<\/p>\n<p><a href=\"https:\/\/www.iode-du-lac.org\/blog\/wp-content\/uploads\/2011\/12\/la_revolution.jpg\"><img fetchpriority=\"high\" decoding=\"async\" class=\"aligncenter size-full wp-image-2066\" title=\"la_revolution\" src=\"https:\/\/www.iode-du-lac.org\/blog\/wp-content\/uploads\/2011\/12\/la_revolution.jpg\" alt=\"\" width=\"407\" height=\"636\" \/><\/a><\/p>\n","protected":false},"excerpt":{"rendered":"<p>Le jeudi 15 d\u00e9cembre commence le cycle de quatre conf\u00e9rences : \u00ab Quel avenir sans agriculture ? \u00bb Jeudi 15 D\u00e9cembre 20h30, l\u2019Espace Bonnefoy &amp; l\u2019association APIFERA pr\u00e9sentent le Film de Perrine BERTRAND &amp; Yann GRILL \u00abLa r\u00e9volution des sols vivants \u00bb Les bases de l\u2019agronomie moderne sont le plus souvent biais\u00e9es, parfois erron\u00e9es ou obsol\u00e8tes\u2026 Elles conduisent \u00e0 une d\u00e9sertification rapide et inexorable de nos sols, ph\u00e9nom\u00e8ne visible \u00e0 l\u2019\u0153il nu\u2026 Dans La r\u00e9volution des sols vivants, Yan Grill et Perrine Bertrand nous entrainent \u00e0 la rencontre d\u2019acteurs de terrain (agronomes, agriculteurs conventionnels, agriculteurs et jardiniers biologiques) qui ont choisi des solutions alternatives non d\u00e9gradantes, adapt\u00e9es \u00e0 notre pays, \u00e0 nos champs et \u00e0 nos jardins\u2026Produire sainement tout en respectant notre outil de travail, le sol, en le r\u00e9g\u00e9n\u00e9rant, est devenu une urgence absolue, rien ne l\u2019interdit, c\u2019est possible et \u00e0 la port\u00e9e de tout un chacun\u2026 C\u2019est le message plein d\u2019espoir que d\u00e9livre ce nouveau film profond\u00e9ment optimiste\u2026 Avec la pr\u00e9sence des r\u00e9alisateurs.\u00a0 Projection du film suivi d\u2019un d\u00e9bat anim\u00e9 par Bernard BERTRAND. \u00c9crivain Paysan Cette s\u00e9ance se d\u00e9roulera dans la salle de spectacles 2\u00e8me \u00e9tage. renseignements : 05.61.26.25.38 \/ 06.70.05.31.18 \/ apifera.mp@gmail.com https:\/\/sites.google.com\/site\/associationapifera\/ Espace Bonnefoy 4, rue du faubourg-Bonnefoy-31500 Toulouse<\/p>\n","protected":false},"author":3,"featured_media":0,"comment_status":"open","ping_status":"open","sticky":false,"template":"","format":"standard","meta":{"site-sidebar-layout":"default","site-content-layout":"","ast-site-content-layout":"default","site-content-style":"default","site-sidebar-style":"default","ast-global-header-display":"","ast-banner-title-visibility":"","ast-main-header-display":"","ast-hfb-above-header-display":"","ast-hfb-below-header-display":"","ast-hfb-mobile-header-display":"","site-post-title":"","ast-breadcrumbs-content":"","ast-featured-img":"","footer-sml-layout":"","ast-disable-related-posts":"","theme-transparent-header-meta":"","adv-header-id-meta":"","stick-header-meta":"","header-above-stick-meta":"","header-main-stick-meta":"","header-below-stick-meta":"","astra-migrate-meta-layouts":"default","ast-page-background-enabled":"default","ast-page-background-meta":{"desktop":{"background-color":"var(--ast-global-color-5)","background-image":"","background-repeat":"repeat","background-position":"center center","background-size":"auto","background-attachment":"scroll","background-type":"","background-media":"","overlay-type":"","overlay-color":"","overlay-opacity":"","overlay-gradient":""},"tablet":{"background-color":"","background-image":"","background-repeat":"repeat","background-position":"center center","background-size":"auto","background-attachment":"scroll","background-type":"","background-media":"","overlay-type":"","overlay-color":"","overlay-opacity":"","overlay-gradient":""},"mobile":{"background-color":"","background-image":"","background-repeat":"repeat","background-position":"center center","background-size":"auto","background-attachment":"scroll","background-type":"","background-media":"","overlay-type":"","overlay-color":"","overlay-opacity":"","overlay-gradient":""}},"ast-content-background-meta":{"desktop":{"background-color":"var(--ast-global-color-4)","background-image":"","background-repeat":"repeat","background-position":"center center","background-size":"auto","background-attachment":"scroll","background-type":"","background-media":"","overlay-type":"","overlay-color":"","overlay-opacity":"","overlay-gradient":""},"tablet":{"background-color":"var(--ast-global-color-4)","background-image":"","background-repeat":"repeat","background-position":"center center","background-size":"auto","background-attachment":"scroll","background-type":"","background-media":"","overlay-type":"","overlay-color":"","overlay-opacity":"","overlay-gradient":""},"mobile":{"background-color":"var(--ast-global-color-4)","background-image":"","background-repeat":"repeat","background-position":"center center","background-size":"auto","background-attachment":"scroll","background-type":"","background-media":"","overlay-type":"","overlay-color":"","overlay-opacity":"","overlay-gradient":""}},"footnotes":""},"categories":[86],"tags":[55,122,65],"class_list":["post-2042","post","type-post","status-publish","format-standard","hentry","category-jardin","tag-agriculture-biologique","tag-agronomie","tag-environnement"],"_links":{"self":[{"href":"https:\/\/www.iode-du-lac.org\/blog\/wp-json\/wp\/v2\/posts\/2042","targetHints":{"allow":["GET"]}}],"collection":[{"href":"https:\/\/www.iode-du-lac.org\/blog\/wp-json\/wp\/v2\/posts"}],"about":[{"href":"https:\/\/www.iode-du-lac.org\/blog\/wp-json\/wp\/v2\/types\/post"}],"author":[{"embeddable":true,"href":"https:\/\/www.iode-du-lac.org\/blog\/wp-json\/wp\/v2\/users\/3"}],"replies":[{"embeddable":true,"href":"https:\/\/www.iode-du-lac.org\/blog\/wp-json\/wp\/v2\/comments?post=2042"}],"version-history":[{"count":22,"href":"https:\/\/www.iode-du-lac.org\/blog\/wp-json\/wp\/v2\/posts\/2042\/revisions"}],"predecessor-version":[{"id":7544,"href":"https:\/\/www.iode-du-lac.org\/blog\/wp-json\/wp\/v2\/posts\/2042\/revisions\/7544"}],"wp:attachment":[{"href":"https:\/\/www.iode-du-lac.org\/blog\/wp-json\/wp\/v2\/media?parent=2042"}],"wp:term":[{"taxonomy":"category","embeddable":true,"href":"https:\/\/www.iode-du-lac.org\/blog\/wp-json\/wp\/v2\/categories?post=2042"},{"taxonomy":"post_tag","embeddable":true,"href":"https:\/\/www.iode-du-lac.org\/blog\/wp-json\/wp\/v2\/tags?post=2042"}],"curies":[{"name":"wp","href":"https:\/\/api.w.org\/{rel}","templated":true}]}}