{"id":1441,"date":"2011-04-07T13:00:21","date_gmt":"2011-04-07T12:00:21","guid":{"rendered":"http:\/\/www.iode-du-lac.org\/blog\/?p=1441"},"modified":"2011-04-07T13:23:25","modified_gmt":"2011-04-07T12:23:25","slug":"forum-de-lagriculture-biologique-manger-bio-et-local","status":"publish","type":"post","link":"https:\/\/www.iode-du-lac.org\/blog\/2011\/04\/forum-de-lagriculture-biologique-manger-bio-et-local\/","title":{"rendered":"Forum de l&rsquo;agriculture biologique : Manger bio et local &#8211; 7 mai 2011"},"content":{"rendered":"<p style=\"text-align: center;\"><strong>Avec la bio cultivons l&rsquo;avenir \u00a0\u00bb<br \/>\nle 7 mai 2011 de 14h30 \u00e0 18h30,<br \/>\n5 grands experts internationaux r\u00e9unis pour la premi\u00e8re fois pr\u00e9senteront :<\/strong><strong><\/strong><\/p>\n<p style=\"text-align: center;\"><strong>Manger bio et local :<\/strong><strong><\/strong><\/p>\n<p style=\"text-align: center;\"><span style=\"color: #0000ff;\"><strong>L&rsquo;agriculture bio r\u00e9pond-elle aux enjeux sanitaires, sociaux, environnementaux ?<br \/>\nQuelle plus-value pour la terre, la collectivit\u00e9, le consommateur, l&rsquo;agriculteur ?<\/strong><\/span><\/p>\n<p>Organisateur : <a title=\"Alterrenat Presse\" href=\"http:\/\/www.alterrenat-presse.com\/actu\/index.php?option=com_content&amp;view=article&amp;id=37&amp;Itemid=81\" target=\"_blank\">Alterrenat Presse<\/a><\/p>\n<p><a href=\"https:\/\/www.iode-du-lac.org\/blog\/wp-content\/uploads\/2011\/04\/forum2.jpg\" target=\"_blank\"><img fetchpriority=\"high\" decoding=\"async\" class=\"aligncenter size-full wp-image-1449\" title=\"forum2\" src=\"https:\/\/www.iode-du-lac.org\/blog\/wp-content\/uploads\/2011\/04\/forum2.jpg\" alt=\"\" width=\"634\" height=\"1091\" srcset=\"https:\/\/www.iode-du-lac.org\/blog\/wp-content\/uploads\/2011\/04\/forum2.jpg 634w, https:\/\/www.iode-du-lac.org\/blog\/wp-content\/uploads\/2011\/04\/forum2-174x300.jpg 174w, https:\/\/www.iode-du-lac.org\/blog\/wp-content\/uploads\/2011\/04\/forum2-595x1024.jpg 595w\" sizes=\"(max-width: 634px) 100vw, 634px\" \/><\/a><\/p>\n<p><a href=\"https:\/\/www.iode-du-lac.org\/blog\/wp-content\/uploads\/2011\/04\/forum1.jpg\" target=\"_blank\"><img decoding=\"async\" class=\"aligncenter size-full wp-image-1448\" title=\"forum1\" src=\"https:\/\/www.iode-du-lac.org\/blog\/wp-content\/uploads\/2011\/04\/forum1.jpg\" alt=\"\" width=\"633\" height=\"740\" srcset=\"https:\/\/www.iode-du-lac.org\/blog\/wp-content\/uploads\/2011\/04\/forum1.jpg 633w, https:\/\/www.iode-du-lac.org\/blog\/wp-content\/uploads\/2011\/04\/forum1-256x300.jpg 256w\" sizes=\"(max-width: 633px) 100vw, 633px\" \/><\/a><\/p>\n","protected":false},"excerpt":{"rendered":"<p>Avec la bio cultivons l&rsquo;avenir \u00a0\u00bb le 7 mai 2011 de 14h30 \u00e0 18h30, 5 grands experts internationaux r\u00e9unis pour la premi\u00e8re fois pr\u00e9senteront : Manger bio et local : L&rsquo;agriculture bio r\u00e9pond-elle aux enjeux sanitaires, sociaux, environnementaux ? Quelle plus-value pour la terre, la collectivit\u00e9, le consommateur, l&rsquo;agriculteur ? Organisateur : Alterrenat Presse<\/p>\n","protected":false},"author":3,"featured_media":0,"comment_status":"open","ping_status":"open","sticky":false,"template":"","format":"standard","meta":{"site-sidebar-layout":"default","site-content-layout":"","ast-site-content-layout":"default","site-content-style":"default","site-sidebar-style":"default","ast-global-header-display":"","ast-banner-title-visibility":"","ast-main-header-display":"","ast-hfb-above-header-display":"","ast-hfb-below-header-display":"","ast-hfb-mobile-header-display":"","site-post-title":"","ast-breadcrumbs-content":"","ast-featured-img":"","footer-sml-layout":"","ast-disable-related-posts":"","theme-transparent-header-meta":"","adv-header-id-meta":"","stick-header-meta":"","header-above-stick-meta":"","header-main-stick-meta":"","header-below-stick-meta":"","astra-migrate-meta-layouts":"default","ast-page-background-enabled":"default","ast-page-background-meta":{"desktop":{"background-color":"var(--ast-global-color-5)","background-image":"","background-repeat":"repeat","background-position":"center center","background-size":"auto","background-attachment":"scroll","background-type":"","background-media":"","overlay-type":"","overlay-color":"","overlay-opacity":"","overlay-gradient":""},"tablet":{"background-color":"","background-image":"","background-repeat":"repeat","background-position":"center center","background-size":"auto","background-attachment":"scroll","background-type":"","background-media":"","overlay-type":"","overlay-color":"","overlay-opacity":"","overlay-gradient":""},"mobile":{"background-color":"","background-image":"","background-repeat":"repeat","background-position":"center center","background-size":"auto","background-attachment":"scroll","background-type":"","background-media":"","overlay-type":"","overlay-color":"","overlay-opacity":"","overlay-gradient":""}},"ast-content-background-meta":{"desktop":{"background-color":"var(--ast-global-color-4)","background-image":"","background-repeat":"repeat","background-position":"center center","background-size":"auto","background-attachment":"scroll","background-type":"","background-media":"","overlay-type":"","overlay-color":"","overlay-opacity":"","overlay-gradient":""},"tablet":{"background-color":"var(--ast-global-color-4)","background-image":"","background-repeat":"repeat","background-position":"center center","background-size":"auto","background-attachment":"scroll","background-type":"","background-media":"","overlay-type":"","overlay-color":"","overlay-opacity":"","overlay-gradient":""},"mobile":{"background-color":"var(--ast-global-color-4)","background-image":"","background-repeat":"repeat","background-position":"center center","background-size":"auto","background-attachment":"scroll","background-type":"","background-media":"","overlay-type":"","overlay-color":"","overlay-opacity":"","overlay-gradient":""}},"footnotes":""},"categories":[9,86],"tags":[55,65,170,56,75],"class_list":["post-1441","post","type-post","status-publish","format-standard","hentry","category-alimentation","category-jardin","tag-agriculture-biologique","tag-environnement","tag-alimentation","tag-local","tag-sante"],"_links":{"self":[{"href":"https:\/\/www.iode-du-lac.org\/blog\/wp-json\/wp\/v2\/posts\/1441","targetHints":{"allow":["GET"]}}],"collection":[{"href":"https:\/\/www.iode-du-lac.org\/blog\/wp-json\/wp\/v2\/posts"}],"about":[{"href":"https:\/\/www.iode-du-lac.org\/blog\/wp-json\/wp\/v2\/types\/post"}],"author":[{"embeddable":true,"href":"https:\/\/www.iode-du-lac.org\/blog\/wp-json\/wp\/v2\/users\/3"}],"replies":[{"embeddable":true,"href":"https:\/\/www.iode-du-lac.org\/blog\/wp-json\/wp\/v2\/comments?post=1441"}],"version-history":[{"count":8,"href":"https:\/\/www.iode-du-lac.org\/blog\/wp-json\/wp\/v2\/posts\/1441\/revisions"}],"predecessor-version":[{"id":1451,"href":"https:\/\/www.iode-du-lac.org\/blog\/wp-json\/wp\/v2\/posts\/1441\/revisions\/1451"}],"wp:attachment":[{"href":"https:\/\/www.iode-du-lac.org\/blog\/wp-json\/wp\/v2\/media?parent=1441"}],"wp:term":[{"taxonomy":"category","embeddable":true,"href":"https:\/\/www.iode-du-lac.org\/blog\/wp-json\/wp\/v2\/categories?post=1441"},{"taxonomy":"post_tag","embeddable":true,"href":"https:\/\/www.iode-du-lac.org\/blog\/wp-json\/wp\/v2\/tags?post=1441"}],"curies":[{"name":"wp","href":"https:\/\/api.w.org\/{rel}","templated":true}]}}